{"id":6865,"date":"2022-10-03T12:43:09","date_gmt":"2022-10-03T12:43:09","guid":{"rendered":"https:\/\/bertablasi.com\/?p=6865"},"modified":"2022-10-03T12:48:58","modified_gmt":"2022-10-03T12:48:58","slug":"setmana-europea-de-la-conservacio-i-la-restauracio-2022","status":"publish","type":"post","link":"https:\/\/bertablasi.com\/es\/setmana-europea-de-la-conservacio-i-la-restauracio-2022\/","title":{"rendered":"Jornada de puertas abiertas para la Semana Europea de la Conservaci\u00f3n y Restauraci\u00f3n 2022"},"content":{"rendered":"<p><\/p>\n<div id=\"attachment_6866\" style=\"width: 310px\" class=\"wp-caption alignnone\"><img decoding=\"async\" aria-describedby=\"caption-attachment-6866\" class=\"lazyload size-medium wp-image-6866\" src=\"data:image\/svg+xml,%3Csvg%20xmlns%3D%27http%3A%2F%2Fwww.w3.org%2F2000%2Fsvg%27%20width%3D%27300%27%20height%3D%27300%27%20viewBox%3D%270%200%20300%20300%27%3E%3Crect%20width%3D%27300%27%20height%3D%27300%27%20fill-opacity%3D%220%22%2F%3E%3C%2Fsvg%3E\" data-orig-src=\"https:\/\/bertablasi.com\/wp-content\/uploads\/2022\/10\/portes_obertes_2022_v4-300x300.jpg\" alt=\"Jornada de puertas abiertas en el Taller BBlasi con motivo de la Semana Europea de la Conservaci\u00f3n y la Restauraci\u00f3n\" width=\"300\" height=\"300\" \/><p id=\"caption-attachment-6866\" class=\"wp-caption-text\">El taller ofereix una jornada de portes obertes per la Setmana Europea de la Conservaci\u00f3 i la Restauraci\u00f3.<\/p><\/div>\n<p>Un a\u00f1o m\u00e1s nos sumamos a la <a href=\"https:\/\/www.ecco-eu.org\/european-day-of-conservation-restoration\/\">Semana Europea de la Conservaci\u00f3n y la Restauraci\u00f3n<\/a> ofreciendo una jornada de puertas abiertas en el taller.<\/p>\n<p>D\u00eda: s\u00e1bado 15 de octubre de 2022<\/p>\n<p>Lugar: C. Matas, 35, local, Tiana<\/p>\n<p>Aforo: 10 personas<\/p>\n<p>Inscripciones: Contacto<\/p>\n<p>ECCO es una confederaci\u00f3n de organizaciones nacionales de toda Europa, cuya misi\u00f3n es la salvaguarda del Patrimonio Cultural para la sociedad mediante altos est\u00e1ndares en el ejercicio profesional de la Conservaci\u00f3n-Restauraci\u00f3n.<\/p>\n<p>La celebraci\u00f3n se lleva a cabo en toda Europa y los conservadores-restauradores invitan a los visitantes a sus puestos de trabajo: en los talleres de museos, estudios privados, estudios universitarios y lugares de conservaci\u00f3n-restauraci\u00f3n en monumentos.<\/p>\n<p>El D\u00eda Europeo del Conservador-Restaurador tiene como objetivo:<\/p>\n<ul>\n<li>sensibilizar sobre el papel clave de la conservaci\u00f3n-restauraci\u00f3n en la salvaguardia del patrimonio cultural con los responsables pol\u00edticos y la sociedad civil (p\u00fablica);<\/li>\n<li>compartir el conocimiento de la compleja actividad de esta profesi\u00f3n discreta como ciencia aplicada que incluye humanidades, ciencias naturales e interviene con un c\u00f3digo \u00e9tico en los m\u00faltiples \u00e1mbitos del Patrimonio Cultural;<\/li>\n<li>destacar el respeto y el descubrimiento de los valores para la sociedad mediante las intervenciones m\u00e1s all\u00e1 de los artistas y la artesan\u00eda para garantizar la integridad del testimonio material para garantizar la autenticidad del patrimonio cultural para el proceso de identificaci\u00f3n del individuo;<\/li>\n<li>hacer transparentes los est\u00e1ndares internacionales de calidad de la profesi\u00f3n sobre este alto nivel de competencias de salvaguardia del patrimonio cultural a trav\u00e9s de las asociaciones miembros de 22 estados europeos; y<\/li>\n<li>para aclarar c\u00f3mo esta experiencia es de valor para el turismo sostenible y un catalizador para la innovaci\u00f3n en ciencia para el patrimonio.<\/li>\n<\/ul>\n<div id=\"attachment_6866\" style=\"width: 310px\" class=\"wp-caption alignnone\"><img decoding=\"async\" aria-describedby=\"caption-attachment-6866\" class=\"lazyload size-medium wp-image-6866\" src=\"data:image\/svg+xml,%3Csvg%20xmlns%3D%27http%3A%2F%2Fwww.w3.org%2F2000%2Fsvg%27%20width%3D%27300%27%20height%3D%27300%27%20viewBox%3D%270%200%20300%20300%27%3E%3Crect%20width%3D%27300%27%20height%3D%27300%27%20fill-opacity%3D%220%22%2F%3E%3C%2Fsvg%3E\" data-orig-src=\"https:\/\/bertablasi.com\/wp-content\/uploads\/2022\/10\/portes_obertes_2022_v4-300x300.jpg\" alt=\"Jornada de puertas abiertas en el Taller BBlasi con motivo de la Semana Europea de la Conservaci\u00f3n y la Restauraci\u00f3n\" width=\"300\" height=\"300\" \/><p id=\"caption-attachment-6866\" class=\"wp-caption-text\">El taller ofereix una jornada de portes obertes per la Setmana Europea de la Conservaci\u00f3 i la Restauraci\u00f3.<\/p><\/div>\n<p>Un a\u00f1o m\u00e1s nos sumamos a la <a href=\"https:\/\/www.ecco-eu.org\/european-day-of-conservation-restoration\/\">Semana Europea de la Conservaci\u00f3n y la Restauraci\u00f3n<\/a> ofreciendo una jornada de puertas abiertas en el taller.<\/p>\n<p>D\u00eda: s\u00e1bado 15 de octubre de 2022<\/p>\n<p>Lugar: C. Matas, 35, local, Tiana<\/p>\n<p>Aforo: 10 personas<\/p>\n<p>Inscripciones: Contacto<\/p>\n<p>ECCO es una confederaci\u00f3n de organizaciones nacionales de toda Europa, cuya misi\u00f3n es la salvaguarda del Patrimonio Cultural para la sociedad mediante altos est\u00e1ndares en el ejercicio profesional de la Conservaci\u00f3n-Restauraci\u00f3n.<\/p>\n<p>La celebraci\u00f3n se lleva a cabo en toda Europa y los conservadores-restauradores invitan a los visitantes a sus puestos de trabajo: en los talleres de museos, estudios privados, estudios universitarios y lugares de conservaci\u00f3n-restauraci\u00f3n en monumentos.<\/p>\n<p>El D\u00eda Europeo del Conservador-Restaurador tiene como objetivo:<\/p>\n<p>sensibilizar sobre el papel clave de la conservaci\u00f3n-restauraci\u00f3n en la salvaguardia del patrimonio cultural con los responsables pol\u00edticos y la sociedad civil (p\u00fablica);<br \/>\ncompartir el conocimiento de la compleja actividad de esta profesi\u00f3n discreta como ciencia aplicada que incluye humanidades, ciencias naturales e interviene con un c\u00f3digo \u00e9tico en los m\u00faltiples \u00e1mbitos del Patrimonio Cultural;<br \/>\ndestacar el respeto y el descubrimiento de los valores para la sociedad mediante las intervenciones m\u00e1s all\u00e1 de los artistas y la artesan\u00eda para garantizar la integridad del testimonio material para garantizar la autenticidad del patrimonio cultural para el proceso de identificaci\u00f3n del individuo;<br \/>\nhacer transparentes los est\u00e1ndares internacionales de calidad de la profesi\u00f3n sobre este alto nivel de competencias de salvaguardia del patrimonio cultural a trav\u00e9s de las asociaciones miembros de 22 estados europeos; y<br \/>\npara aclarar c\u00f3mo esta experiencia es de valor para el turismo sostenible y un catalizador para la innovaci\u00f3n en ciencia para el patrimonio.<\/p>","protected":false},"excerpt":{"rendered":"<p>Un a\u00f1o m\u00e1s nos sumamos a la Semana Europea de  [&#8230;]<\/p>\n","protected":false},"author":2,"featured_media":6866,"comment_status":"open","ping_status":"open","sticky":false,"template":"","format":"standard","meta":{"footnotes":""},"categories":[88],"tags":[328,330,329],"class_list":["post-6865","post","type-post","status-publish","format-standard","has-post-thumbnail","hentry","category-difusion","tag-ecco","tag-pertes-obertes","tag-setmana-europea-de-la-conservacio-i-la-restauracio"],"aioseo_notices":[],"_links":{"self":[{"href":"https:\/\/bertablasi.com\/es\/wp-json\/wp\/v2\/posts\/6865","targetHints":{"allow":["GET"]}}],"collection":[{"href":"https:\/\/bertablasi.com\/es\/wp-json\/wp\/v2\/posts"}],"about":[{"href":"https:\/\/bertablasi.com\/es\/wp-json\/wp\/v2\/types\/post"}],"author":[{"embeddable":true,"href":"https:\/\/bertablasi.com\/es\/wp-json\/wp\/v2\/users\/2"}],"replies":[{"embeddable":true,"href":"https:\/\/bertablasi.com\/es\/wp-json\/wp\/v2\/comments?post=6865"}],"version-history":[{"count":11,"href":"https:\/\/bertablasi.com\/es\/wp-json\/wp\/v2\/posts\/6865\/revisions"}],"predecessor-version":[{"id":6877,"href":"https:\/\/bertablasi.com\/es\/wp-json\/wp\/v2\/posts\/6865\/revisions\/6877"}],"wp:featuredmedia":[{"embeddable":true,"href":"https:\/\/bertablasi.com\/es\/wp-json\/wp\/v2\/media\/6866"}],"wp:attachment":[{"href":"https:\/\/bertablasi.com\/es\/wp-json\/wp\/v2\/media?parent=6865"}],"wp:term":[{"taxonomy":"category","embeddable":true,"href":"https:\/\/bertablasi.com\/es\/wp-json\/wp\/v2\/categories?post=6865"},{"taxonomy":"post_tag","embeddable":true,"href":"https:\/\/bertablasi.com\/es\/wp-json\/wp\/v2\/tags?post=6865"}],"curies":[{"name":"wp","href":"https:\/\/api.w.org\/{rel}","templated":true}]}}