{"id":6111,"date":"2020-06-03T11:19:26","date_gmt":"2020-06-03T10:19:26","guid":{"rendered":"https:\/\/bertablasi.com\/?p=6111"},"modified":"2020-06-03T11:19:26","modified_gmt":"2020-06-03T10:19:26","slug":"espanol-cicle-de-conferencies-en-linia-sobre-intervencions-de-conservacio-restauracio-de-document-obra-grafica-i-fotografia-al-centre-de-restauracio-de-bens-mobles-de-catalunya","status":"publish","type":"post","link":"https:\/\/bertablasi.com\/es\/espanol-cicle-de-conferencies-en-linia-sobre-intervencions-de-conservacio-restauracio-de-document-obra-grafica-i-fotografia-al-centre-de-restauracio-de-bens-mobles-de-catalunya\/","title":{"rendered":"Ciclo de conferencias en l\u00ednea del Centre de Restauraci\u00f3 de B\u00e9ns Mobles de Catalunya"},"content":{"rendered":"<p><div id=\"attachment_6113\" style=\"width: 453px\" class=\"wp-caption aligncenter\"><img decoding=\"async\" aria-describedby=\"caption-attachment-6113\" class=\"lazyload size-full wp-image-6113\" src=\"https:\/\/bertablasi.com\/wp-content\/uploads\/2020\/06\/embotit_IMG_5255.jpg\" data-orig-src=\"https:\/\/bertablasi.com\/wp-content\/uploads\/2020\/06\/embotit_IMG_5255.jpg\" alt=\"Restauraci\u00f3 de la Vista \u00f2ptica del Liceu de Barcelona\" width=\"443\" height=\"295\" srcset=\"data:image\/svg+xml,%3Csvg%20xmlns%3D%27http%3A%2F%2Fwww.w3.org%2F2000%2Fsvg%27%20width%3D%27443%27%20height%3D%27295%27%20viewBox%3D%270%200%20443%20295%27%3E%3Crect%20width%3D%27443%27%20height%3D%27295%27%20fill-opacity%3D%220%22%2F%3E%3C%2Fsvg%3E\" data-srcset=\"https:\/\/bertablasi.com\/wp-content\/uploads\/2020\/06\/embotit_IMG_5255-200x133.jpg?v=1688738651 200w, https:\/\/bertablasi.com\/wp-content\/uploads\/2020\/06\/embotit_IMG_5255-300x200.jpg?v=1688738651 300w, https:\/\/bertablasi.com\/wp-content\/uploads\/2020\/06\/embotit_IMG_5255-400x266.jpg?v=1688738651 400w, https:\/\/bertablasi.com\/wp-content\/uploads\/2020\/06\/embotit_IMG_5255.jpg?v=1688738651 443w\" data-sizes=\"auto\" data-orig-sizes=\"(max-width: 443px) 100vw, 443px\" \/><p id=\"caption-attachment-6113\" class=\"wp-caption-text\">Restauraci\u00f3n de la vista \u00f3ptica \u00abBaile de m\u00e1scaras en el Liceo\u00bb<\/p><\/div><\/p>\n<div>\n<p>Debido el estado de alarma y el confinamiento, que no permite la formaci\u00f3n presencial, el Centre de Restauraci\u00f3 de B\u00e9ns Mobles de Catalunya retransmitir\u00e1 en l\u00ednea una serie de conferencias sobre intervenciones de conservaci\u00f3n &#8211; restauraci\u00f3n que se han realizado \u00faltimamente.<\/p>\n<\/div>\n<div>Con la colaboraci\u00f3n del Centre de Telecomunicacions i Tecnologies de la Informaci\u00f3 de la\u00a0Generalitat\u00a0de Catalunya (CTTI), y mediante el canal patrimonigencat de YouTube , retoman con un nuevo enfoque la actividad de transferencia de conocimiento con un ciclo de tres conferencias sobre intervenciones recientes en el \u00c0rea de\u00a0Document, Obra gr\u00e0fica i Fotografia del CRBMC.<\/div>\n<h3>5 de junio<br \/>\nLa obra gr\u00e1fica de Caterina Albert<\/h3>\n<div><strong>Intervenci\u00f3n de conservaci\u00f3n \u2013 restauraci\u00f3n de la obra gr\u00e1fica de Caterina Albert<\/strong> (conocida con el alias de V\u00edctor Catal\u00e0)<\/div>\n<div>A cargo de <strong>Carme Balliu<\/strong>. Coordinadora de la especialidad de Conservaci\u00f3n &#8211; restauraci\u00f3n de Documento, Obra Gr\u00e1fica y Fotograf\u00eda del CRBMC.<\/div>\n<p>D\u00eda: viernes 5 de junio<br \/>\nHora: 11h a 12h<br \/>\nEmisi\u00f3n en directo: canal patrimoni gencat de YouTube: <a href=\"https:\/\/youtu.be\/xj8Eo8rmY88\">https:\/\/youtu.be\/xj8Eo8rmY88<\/a><\/p>\n<h3>10 de junio<br \/>\nVista \u00f3ptica \u00abBaile de M\u00e1scaras en el Liceo\u00bb<\/h3>\n<p><strong>Intervenci\u00f3n de conservaci\u00f3n \u2013 restauraci\u00f3n de la Vista \u00d3ptica \u201cBaile de M\u00e1scaras en el Liceo\u201d<\/strong><br \/>\nA cargo de <strong>Berta Blasi<\/strong>. Conservadora-restauradora de patrimonio documental, gr\u00e1fico y fotogr\u00e1fico.<\/p>\n<p>D\u00eda: mi\u00e9rcoles 10 de junio<br \/>\nHora: 11h a 12h<br \/>\nEmisi\u00f3n en directo: canal patrimoni gencat de YouTube: <a href=\"https:\/\/youtu.be\/P8oGc7WVUkY\">https:\/\/youtu.be\/P8oGc7WVUkY<\/a><\/p>\n<h3>12 de junio<br \/>\nLibro de pasant\u00edas de maestros carpinteros del a\u00f1o 1778<\/h3>\n<p><strong>Intervenci\u00f3n del \u201cLlibre de passanties dels mestres fusters comen\u00e7at en lo any 1778\u201d<\/strong><br \/>\nA cargo de <strong>B\u00e1rbara Viana<\/strong>. Conservadora-restauradora de patrimonio documental, gr\u00e1fico y fotogr\u00e1fico.<br \/>\nD\u00eda: viernes 12 de junio<br \/>\nHora: 11h a 12h<br \/>\nEmisi\u00f3n en directo: canal patrimoni gencat de YouTube: <a href=\"https:\/\/youtu.be\/V2dHMWkRVr4\">https:\/\/youtu.be\/V2dHMWkRVr4<\/a><\/p>","protected":false},"excerpt":{"rendered":"<p>Debido el estado de alarma y el confinamiento, que no  [&#8230;]<\/p>\n","protected":false},"author":3,"featured_media":6122,"comment_status":"open","ping_status":"closed","sticky":false,"template":"","format":"standard","meta":{"footnotes":""},"categories":[88],"tags":[314,315,316,317,318,319],"class_list":["post-6111","post","type-post","status-publish","format-standard","has-post-thumbnail","hentry","category-difusion","tag-barbara-viana","tag-carme-balliu","tag-caterina-albert","tag-crbmc","tag-victor-catala","tag-vista-optica-grami-de-fusters"],"aioseo_notices":[],"_links":{"self":[{"href":"https:\/\/bertablasi.com\/es\/wp-json\/wp\/v2\/posts\/6111","targetHints":{"allow":["GET"]}}],"collection":[{"href":"https:\/\/bertablasi.com\/es\/wp-json\/wp\/v2\/posts"}],"about":[{"href":"https:\/\/bertablasi.com\/es\/wp-json\/wp\/v2\/types\/post"}],"author":[{"embeddable":true,"href":"https:\/\/bertablasi.com\/es\/wp-json\/wp\/v2\/users\/3"}],"replies":[{"embeddable":true,"href":"https:\/\/bertablasi.com\/es\/wp-json\/wp\/v2\/comments?post=6111"}],"version-history":[{"count":0,"href":"https:\/\/bertablasi.com\/es\/wp-json\/wp\/v2\/posts\/6111\/revisions"}],"wp:featuredmedia":[{"embeddable":true,"href":"https:\/\/bertablasi.com\/es\/wp-json\/wp\/v2\/media\/6122"}],"wp:attachment":[{"href":"https:\/\/bertablasi.com\/es\/wp-json\/wp\/v2\/media?parent=6111"}],"wp:term":[{"taxonomy":"category","embeddable":true,"href":"https:\/\/bertablasi.com\/es\/wp-json\/wp\/v2\/categories?post=6111"},{"taxonomy":"post_tag","embeddable":true,"href":"https:\/\/bertablasi.com\/es\/wp-json\/wp\/v2\/tags?post=6111"}],"curies":[{"name":"wp","href":"https:\/\/api.w.org\/{rel}","templated":true}]}}