{"id":6044,"date":"2019-12-23T10:46:19","date_gmt":"2019-12-23T09:46:19","guid":{"rendered":"https:\/\/bertablasi.com\/?p=6044"},"modified":"2019-12-23T10:46:19","modified_gmt":"2019-12-23T09:46:19","slug":"espanol-bones-festes-i-bon-any-2020","status":"publish","type":"post","link":"https:\/\/bertablasi.com\/es\/espanol-bones-festes-i-bon-any-2020\/","title":{"rendered":"Bones festes i bon any 2020!"},"content":{"rendered":"<p><div id=\"attachment_6040\" style=\"width: 710px\" class=\"wp-caption aligncenter\"><img decoding=\"async\" aria-describedby=\"caption-attachment-6040\" class=\"lazyload wp-image-6040\" src=\"https:\/\/bertablasi.com\/wp-content\/uploads\/2019\/12\/bon_any_2020-1-1024x534.jpg\" data-orig-src=\"https:\/\/bertablasi.com\/wp-content\/uploads\/2019\/12\/bon_any_2020-1-1024x534.jpg\" alt=\"Des del taller de restauraci\u00f3 us desitgem bones festes i bon any 2020\" width=\"700\" height=\"365\" srcset=\"data:image\/svg+xml,%3Csvg%20xmlns%3D%27http%3A%2F%2Fwww.w3.org%2F2000%2Fsvg%27%20width%3D%27700%27%20height%3D%27365%27%20viewBox%3D%270%200%20700%20365%27%3E%3Crect%20width%3D%27700%27%20height%3D%27365%27%20fill-opacity%3D%220%22%2F%3E%3C%2Fsvg%3E\" data-srcset=\"https:\/\/bertablasi.com\/wp-content\/uploads\/2019\/12\/bon_any_2020-1-200x104.jpg?v=1688738660 200w, https:\/\/bertablasi.com\/wp-content\/uploads\/2019\/12\/bon_any_2020-1-300x156.jpg?v=1688738660 300w, https:\/\/bertablasi.com\/wp-content\/uploads\/2019\/12\/bon_any_2020-1-400x209.jpg?v=1688738660 400w, https:\/\/bertablasi.com\/wp-content\/uploads\/2019\/12\/bon_any_2020-1-600x313.jpg?v=1688738660 600w, https:\/\/bertablasi.com\/wp-content\/uploads\/2019\/12\/bon_any_2020-1-701x366.jpg?v=1688738660 701w, https:\/\/bertablasi.com\/wp-content\/uploads\/2019\/12\/bon_any_2020-1-768x401.jpg?v=1688738660 768w, https:\/\/bertablasi.com\/wp-content\/uploads\/2019\/12\/bon_any_2020-1-800x417.jpg?v=1688738660 800w, https:\/\/bertablasi.com\/wp-content\/uploads\/2019\/12\/bon_any_2020-1-1024x534.jpg?v=1688738660 1024w, https:\/\/bertablasi.com\/wp-content\/uploads\/2019\/12\/bon_any_2020-1-1200x626.jpg?v=1688738660 1200w, https:\/\/bertablasi.com\/wp-content\/uploads\/2019\/12\/bon_any_2020-1-1320x688.jpg?v=1688738660 1320w, https:\/\/bertablasi.com\/wp-content\/uploads\/2019\/12\/bon_any_2020-1-1536x801.jpg?v=1688738660 1536w, https:\/\/bertablasi.com\/wp-content\/uploads\/2019\/12\/bon_any_2020-1-scaled.jpg?v=1688738660 2560w\" data-sizes=\"auto\" data-orig-sizes=\"(max-width: 700px) 100vw, 700px\" \/><p id=\"caption-attachment-6040\" class=\"wp-caption-text\">Des del taller de restauraci\u00f3 us desitgem bones festes i bon any 2020<\/p><\/div><\/p>\n<p>Arribades aquestes dates, fem balan\u00e7 per fer-vos part\u00edcips dels passats 365 dies del taller en quatre l\u00ednies.<\/p>\n<p>Hem dut a terme projectes molt interessants que podeu tafanejar a l&#8217;apartat de <a href=\"https:\/\/bertablasi.com\/portfoli\">projectes<\/a> de la web com per exemple <a href=\"https:\/\/bertablasi.com\/project\/espanol-restauracio-del-llibre-agora-de-nuevo-recopulados-los-mejores-romances-de-los-tres-libros-de-sylva-y-an%cc%83adidos-los-de-la-liga\">la restauraci\u00f3 d&#8217;un octau<\/a> preci\u00f3s, <a href=\"https:\/\/bertablasi.com\/project\/espanol-restauracio-dun-dibuix-de-david-zagoskin\">un guaix de Zagoskin<\/a> o <a href=\"https:\/\/bertablasi.com\/project\/espanol-restauracio-dun-collage-de-joan-miro\">un collage de Mir\u00f3<\/a>, i tamb\u00e9 hem trepitjat la lluna amb la <a href=\"https:\/\/bertablasi.com\/project\/restauracio-de-ledicio-to-the-moon-and-back-de-la-revista-life\">restauraci\u00f3 de l&#8217;edici\u00f3 \u00abTo the moon and back\u00bb de la revista LIFE<\/a>, i d&#8217;altres projectes que anirem publicant.<\/p>\n<p>El dia 13 d&#8217;octubre v\u00e0rem fer una <a href=\"https:\/\/bertablasi.com\/difusion\/dia-europeo-conservacion-restauracion-2019\">jornada de portes obertes per celebrar el Dia Europeu de la Conservaci\u00f3 i la Restauraci\u00f3<\/a>, on v\u00e0rem explicar el proc\u00e9s de restauraci\u00f3 d&#8217;un pl\u00e0nol de l&#8217;Arxiu Municipal de Tiana i que va ser tot un \u00e8xit de p\u00fablic.<\/p>\n<p>Enguany hem seguit compartint el que sabem publicant un apunt per posar ordre dins el caos de <a href=\"https:\/\/bertablasi.com\/conservacion_preventiva\/estandar-materials-conservacio-arxius-biblioteques-museus\">les ISO en materials de conservaci\u00f3 en arxius, biblioteques i museus<\/a>.<\/p>\n<p>I, com que millorar dia a dia \u00e9s una de les nostres m\u00e0ximes, hem assistit a cursos que ens han fet cr\u00e9ixer i que ens permeten posar a la vostra disposici\u00f3 les \u00faltimes t\u00e8cniques per a tenir millor cura el patrimoni de tots.<\/p>\n<p>Un dels esdeveniments m\u00e9s interessants va ser The Plastics Heritage Congress que es va celebrar a Lisboa el maig i que ens va fer obrir els ulls sobre com d&#8217;ef\u00edmers s\u00f3n els pl\u00e0stics i quants mal de caps ens portaran en el futur. Un altre dels m\u00e9s rellevants ha estat \u00abEl Pla de Conservaci\u00f3 Preventiva als equipaments muse\u00edstics\u00bb celebrat al Museu Nacional d&#8217;Art de Catalunya a l&#8217;octubre. Ambd\u00f3s cursos ens han estat especialment \u00fatils per aplicar a la col\u00b7lecci\u00f3 del Museu Ol\u00edmpic i de l&#8217;Esport Joan Antoni Samaranch a qui fa un any que assessorem.<\/p>\n<p>El moviment \u00e9s vida i el taller ha incorporat nous fitxatges aquest \u00faltim tram de l&#8217;any amb noves intel\u00b7lig\u00e8ncies i habilitats que acaben confegint un equip rod\u00f3.<\/p>\n<p>&nbsp;<\/p>\n<p>Gr\u00e0cies un any m\u00e9s per permetre&#8217;ns viure d&#8217;all\u00f2 que m\u00e9s ens agrada, la conservaci\u00f3 i restauraci\u00f3 del patrimoni de tots.<\/p>\n<p>L&#8217;equip del taller us desitgem que passeu unes bones festes i que tingueu un pr\u00f2sper 2020.<\/p>\n<p>&nbsp;<\/p>","protected":false},"excerpt":{"rendered":"<p>Arribades aquestes dates, fem balan\u00e7 per fer-vos part\u00edcips dels passats  [&#8230;]<\/p>\n","protected":false},"author":3,"featured_media":6045,"comment_status":"open","ping_status":"closed","sticky":false,"template":"","format":"standard","meta":{"footnotes":""},"categories":[88],"tags":[89],"class_list":["post-6044","post","type-post","status-publish","format-standard","has-post-thumbnail","hentry","category-difusion","tag-bones-festes-i-bon-any"],"aioseo_notices":[],"_links":{"self":[{"href":"https:\/\/bertablasi.com\/es\/wp-json\/wp\/v2\/posts\/6044","targetHints":{"allow":["GET"]}}],"collection":[{"href":"https:\/\/bertablasi.com\/es\/wp-json\/wp\/v2\/posts"}],"about":[{"href":"https:\/\/bertablasi.com\/es\/wp-json\/wp\/v2\/types\/post"}],"author":[{"embeddable":true,"href":"https:\/\/bertablasi.com\/es\/wp-json\/wp\/v2\/users\/3"}],"replies":[{"embeddable":true,"href":"https:\/\/bertablasi.com\/es\/wp-json\/wp\/v2\/comments?post=6044"}],"version-history":[{"count":0,"href":"https:\/\/bertablasi.com\/es\/wp-json\/wp\/v2\/posts\/6044\/revisions"}],"wp:featuredmedia":[{"embeddable":true,"href":"https:\/\/bertablasi.com\/es\/wp-json\/wp\/v2\/media\/6045"}],"wp:attachment":[{"href":"https:\/\/bertablasi.com\/es\/wp-json\/wp\/v2\/media?parent=6044"}],"wp:term":[{"taxonomy":"category","embeddable":true,"href":"https:\/\/bertablasi.com\/es\/wp-json\/wp\/v2\/categories?post=6044"},{"taxonomy":"post_tag","embeddable":true,"href":"https:\/\/bertablasi.com\/es\/wp-json\/wp\/v2\/tags?post=6044"}],"curies":[{"name":"wp","href":"https:\/\/api.w.org\/{rel}","templated":true}]}}