{"id":5139,"date":"2016-06-01T18:52:01","date_gmt":"2016-06-01T17:52:01","guid":{"rendered":"http:\/\/bertablasi.com\/?p=5139"},"modified":"2016-06-01T18:52:01","modified_gmt":"2016-06-01T17:52:01","slug":"emmarcat-ideal","status":"publish","type":"post","link":"https:\/\/bertablasi.com\/es\/emmarcat-ideal\/","title":{"rendered":"Un buen sistema de enmarcado alarga la vida de la obra gr\u00e1fica"},"content":{"rendered":"<p><\/p>\n<blockquote><p>El 85% de obra gr\u00e1fica que entra al taller para ser restaurada es debido a un mal sistema de enmarcado.<\/p><\/blockquote>\n<div id=\"attachment_5149\" style=\"width: 710px\" class=\"wp-caption alignleft\"><a href=\"http:\/\/bertablasi.com\/wp-content\/uploads\/2016\/05\/sistema_emmarcat_clapiedra.jpg\"><img decoding=\"async\" aria-describedby=\"caption-attachment-5149\" class=\"lazyload wp-image-5149 size-full\" src=\"http:\/\/bertablasi.com\/wp-content\/uploads\/2016\/05\/sistema_emmarcat_clapiedra.jpg\" data-orig-src=\"http:\/\/bertablasi.com\/wp-content\/uploads\/2016\/05\/sistema_emmarcat_clapiedra.jpg\" alt=\"Revers d'un dibuix al pastel de Pere Clapera on es pot veure clarament com la fusta amb la qu\u00e8 estava en contacte l'obra ha traspassat els \u00e0cids marcant tota la veta de la fusta.\" width=\"700\" height=\"543\" srcset=\"data:image\/svg+xml,%3Csvg%20xmlns%3D%27http%3A%2F%2Fwww.w3.org%2F2000%2Fsvg%27%20width%3D%27700%27%20height%3D%27543%27%20viewBox%3D%270%200%20700%20543%27%3E%3Crect%20width%3D%27700%27%20height%3D%27543%27%20fill-opacity%3D%220%22%2F%3E%3C%2Fsvg%3E\" data-srcset=\"https:\/\/bertablasi.com\/wp-content\/uploads\/2016\/05\/sistema_emmarcat_clapiedra-200x155.jpg?v=1688738869 200w, https:\/\/bertablasi.com\/wp-content\/uploads\/2016\/05\/sistema_emmarcat_clapiedra-300x233.jpg?v=1688738869 300w, https:\/\/bertablasi.com\/wp-content\/uploads\/2016\/05\/sistema_emmarcat_clapiedra-400x310.jpg?v=1688738869 400w, https:\/\/bertablasi.com\/wp-content\/uploads\/2016\/05\/sistema_emmarcat_clapiedra-600x465.jpg?v=1688738869 600w, https:\/\/bertablasi.com\/wp-content\/uploads\/2016\/05\/sistema_emmarcat_clapiedra.jpg?v=1688738869 700w\" data-sizes=\"auto\" data-orig-sizes=\"(max-width: 700px) 100vw, 700px\" \/><\/a><p id=\"caption-attachment-5149\" class=\"wp-caption-text\">Revers d&#8217;un dibuix al pastel de Pere Clapera on es pot veure clarament com la fusta amb la qu\u00e8 estava en contacte l&#8217;obra ha traspassat els \u00e0cids marcant tota la veta de la fusta.<\/p><\/div>\n<hr style=\"height: 30px\">\n<p>El 85% de obra gr\u00e1fica que entra al taller para ser restaurada es debido a un mal sistema de enmarcado. Un 10% debido a que no estaban enmarcadas y, por lo tanto, nada las ha protegido, y s\u00f3lo un 5% deben restaurarse debido a una cat\u00e1strofe, mayoritariamente por fugas de agua o accidentes dom\u00e9sticos.<\/p>\n<p>Es por eso que escribo este post, para daros a conocer <strong>unos m\u00ednimos que deber\u00edamos tener claros a la hora de enmarcar una pieza<\/strong>, ya sea de un gran valor patrimonial, econ\u00f3mico o sentimental.<\/p>\n<p>Por todos es conocidos que la obra gr\u00e1fica sobre papel es de las m\u00e1s fr\u00e1giles que hay. Todo lo que la envuelve la afecta y es susceptible de deteriorarla, <strong>el objetivo de enmarcarla es proteferla<\/strong>, no estropearla, y deberemos tener presente los materiales adecuados si queremos que nuestra obra perdura en el tiempo.<\/p>\n<h2>Partes de un sistema de enmarcado<\/h2>\n<p>1) <strong>El perfil<\/strong>, o marco, es la \u00fanica cosa que solemos escoger cuando vamos a ver al enmarcador. Nos guiamos por la forma y el color pero pr\u00e1cticamente nunca por los materiales que lo componen. <strong>El mejor material para los perfiles es el metal.<\/strong> los marcos de madera cuando se deterioran desprenden gases \u00e1cidos que entran en contacto con el papel y lo vuelven de color amarillo &#8211; marr\u00f3n.<\/p>\n<p>2) <strong>El vidrio. <\/strong>El estado ideal para conservar la obra gr\u00e1fica es a oscuras porqu\u00e9 la luz es uno de sus peores enemigos, pero est\u00e1 claro que nos gusta tenerlas colgadas de la pared. El vidrio es la \u00fanica cosa que frena la deterioraci\u00f3n de la luz sobre nuestra pieza y, por tanto, ser\u00e1 muy importante escoger un buen vidrio <strong>que filtre los rayos UVA.<\/strong><\/p>\n<p>3) <strong>El paspart\u00fa<\/strong> entra en contacto directamente con la pieza. No vale cualquier tipo de paspart\u00fa, debemos pedir que sea <strong>de conservaci\u00f3n al 100%<\/strong>.\u00a0 A veces para abaratir costes, hay paspart\u00fas que tienen dos l\u00e1minas de papel de conservaci\u00f3n encoladas a las dos caras del cart\u00f3n, pero el alma del mismo cart\u00f3n no es de conservaci\u00f3n. Cuando este cart\u00f3n envejece nos deteriorar\u00e1 la obra dejando una huella de degradaci\u00f3n amarilla &#8211; marr\u00f3n que s\u00f3lo podremos eliminar posteriormente con productos qu\u00edmicos.<\/p>\n<p>4) <strong>La obra.<\/strong><\/p>\n<p>5) <strong>La trasera<\/strong> es\u00a0 donde descansa todo. Tambi\u00e9n entra en directo con la pieza y, as\u00ed como el paspart\u00fa s\u00f3lo solapa unos mil\u00edmetros, la trasera lo hace en toda la superf\u00edcie posterior. Por tanto, es important\u00edsimo que esta trasera sea de conservaci\u00f3n. Hist\u00f3ricamente se pon\u00edan traseras de madera, conglomerados o cart\u00f3n que eran de muy mala calidad y que han deteriorado la mayor\u00eda de piezas. Estos materiales tan malos envejecen de mala manera pegando los \u00e1cidos y la deterioraci\u00f3n a nuestra querida pieza.<\/p>\n<h2>\u00bfC\u00f3mo ha de sujetarse la pieza al sistema de enmarcado?<\/h2>\n<p>A todas las piezas que entran al taller y que tienen que ir enmarcadas <strong>se les incorpora unas tiras en el per\u00edmetro<\/strong> que son de papel japon\u00e9s y van encoladas con engrudo. El enmarcador usar\u00e1 estas tiras para sujetar la pieza a la trasera, vaya o no con paspart\u00fa. De esta manera <strong>el enmarcador puede trabajar con toda la tranquilidad sin tener que aplicar ning\u00fan tipo de producto directamente sobre la pieza<\/strong> que tiene que enmarcar.<\/p>\n<p>Estas tiras que aplicamos son 100% reversibles sin productos qu\u00edmicos.<\/p>\n<h2>Carboncillos y pasteles<\/h2>\n<p>Los carboncillos y los pasteles JAM\u00c1S ir\u00e1n enmarcados en contacto directamente con el vidrio. Simepre se los enmarcar\u00e1 con el sistema de vitrina, de otra manera el vidrio provocar\u00eda rozaduras en la t\u00e9cnica pict\u00f3rica y deteriorar\u00eda la obra.<\/p>\n<h2>Algunos ejemplos de deterioro debido a un mal sistema de enmarcado<\/h2>\n<p>Para que os hag\u00e1is una idea de hasta qu\u00e9 punto el sistema de enmarcado puede deteriorar la obra, aqu\u00ed ten\u00e9is algunos ejemplos:<\/p>\n<hr style=\"height: 30px\">\n<div id=\"attachment_5150\" style=\"width: 710px\" class=\"wp-caption aligncenter\"><a href=\"http:\/\/bertablasi.com\/wp-content\/uploads\/2016\/05\/sistema_emmarcat_captain_eleven.jpg\"><img decoding=\"async\" aria-describedby=\"caption-attachment-5150\" class=\"lazyload wp-image-5150 size-full\" src=\"http:\/\/bertablasi.com\/wp-content\/uploads\/2016\/05\/sistema_emmarcat_captain_eleven.jpg\" data-orig-src=\"http:\/\/bertablasi.com\/wp-content\/uploads\/2016\/05\/sistema_emmarcat_captain_eleven.jpg\" alt=\"En aquest cas, l'obra es va eganxar al vidre del sistema d'emmarcat. Posteriorment el vidre es va trencar perforant la pe\u00e7a i els propietaris van guardar-la enrotllada. A la imatge podeu veure l'abans i el despr\u00e9s de la restauraci\u00f3.\" width=\"700\" height=\"228\" srcset=\"data:image\/svg+xml,%3Csvg%20xmlns%3D%27http%3A%2F%2Fwww.w3.org%2F2000%2Fsvg%27%20width%3D%27700%27%20height%3D%27228%27%20viewBox%3D%270%200%20700%20228%27%3E%3Crect%20width%3D%27700%27%20height%3D%27228%27%20fill-opacity%3D%220%22%2F%3E%3C%2Fsvg%3E\" data-srcset=\"https:\/\/bertablasi.com\/wp-content\/uploads\/2016\/05\/sistema_emmarcat_captain_eleven-200x65.jpg?v=1688738868 200w, https:\/\/bertablasi.com\/wp-content\/uploads\/2016\/05\/sistema_emmarcat_captain_eleven-300x98.jpg?v=1688738868 300w, https:\/\/bertablasi.com\/wp-content\/uploads\/2016\/05\/sistema_emmarcat_captain_eleven-400x130.jpg?v=1688738868 400w, https:\/\/bertablasi.com\/wp-content\/uploads\/2016\/05\/sistema_emmarcat_captain_eleven-600x195.jpg?v=1688738868 600w, https:\/\/bertablasi.com\/wp-content\/uploads\/2016\/05\/sistema_emmarcat_captain_eleven.jpg?v=1688738868 700w\" data-sizes=\"auto\" data-orig-sizes=\"(max-width: 700px) 100vw, 700px\" \/><\/a><p id=\"caption-attachment-5150\" class=\"wp-caption-text\">El \u00abCaptain of eleven\u00bb se enganch\u00f3 al vidrio del sistema de enmarcado. Posteriormente el vidrio se rompi\u00f3 perforando la pieza, y los propietarios decidieron guardarla enrollada. En la imagen pod\u00e9is ver el antes y el despu\u00e9s de la restauraci\u00f3n.<\/p><\/div>\n<hr style=\"height: 30px\">\n<div id=\"attachment_5151\" style=\"width: 710px\" class=\"wp-caption aligncenter\"><a href=\"http:\/\/bertablasi.com\/wp-content\/uploads\/2016\/05\/sistema_emmarcat_jose_hernandez.jpg\"><img decoding=\"async\" aria-describedby=\"caption-attachment-5151\" class=\"lazyload wp-image-5151 size-full\" src=\"http:\/\/bertablasi.com\/wp-content\/uploads\/2016\/05\/sistema_emmarcat_jose_hernandez.jpg\" data-orig-src=\"http:\/\/bertablasi.com\/wp-content\/uploads\/2016\/05\/sistema_emmarcat_jose_hernandez.jpg\" alt=\"En aquest cas del gravat \"Aquelarre\" de Jos\u00e9 Hern\u00e1ndez es pot veure una marca fosca provocada per un mal sistema d'emmarcat, segurament una trasera de mala qualitat. El f\u00f2xing generalitzat apaga la intensitat de l'obra gr\u00e0fica.\" width=\"700\" height=\"537\" srcset=\"data:image\/svg+xml,%3Csvg%20xmlns%3D%27http%3A%2F%2Fwww.w3.org%2F2000%2Fsvg%27%20width%3D%27700%27%20height%3D%27537%27%20viewBox%3D%270%200%20700%20537%27%3E%3Crect%20width%3D%27700%27%20height%3D%27537%27%20fill-opacity%3D%220%22%2F%3E%3C%2Fsvg%3E\" data-srcset=\"https:\/\/bertablasi.com\/wp-content\/uploads\/2016\/05\/sistema_emmarcat_jose_hernandez-200x153.jpg?v=1688738867 200w, https:\/\/bertablasi.com\/wp-content\/uploads\/2016\/05\/sistema_emmarcat_jose_hernandez-300x230.jpg?v=1688738867 300w, https:\/\/bertablasi.com\/wp-content\/uploads\/2016\/05\/sistema_emmarcat_jose_hernandez-400x307.jpg?v=1688738867 400w, https:\/\/bertablasi.com\/wp-content\/uploads\/2016\/05\/sistema_emmarcat_jose_hernandez-600x460.jpg?v=1688738867 600w, https:\/\/bertablasi.com\/wp-content\/uploads\/2016\/05\/sistema_emmarcat_jose_hernandez.jpg?v=1688738867 700w\" data-sizes=\"auto\" data-orig-sizes=\"(max-width: 700px) 100vw, 700px\" \/><\/a><p id=\"caption-attachment-5151\" class=\"wp-caption-text\">En este caso del grabado \u00abAquelarre\u00bb de Jos\u00e9 Hern\u00e1ndez se puede ver una marca oscura provocada por un mal sistema de enmarcado, seguramente debido a una trasera de mala calidad. El f\u00f3xing (motas marrones) generalizado apaga la intensidad de la obra gr\u00e1fica.<\/p><\/div>\n<hr style=\"height: 30px\">\n<div id=\"attachment_5152\" style=\"width: 710px\" class=\"wp-caption aligncenter\"><a href=\"http:\/\/bertablasi.com\/wp-content\/uploads\/2016\/05\/sistema_emmarcat_gravat.jpg\"><img decoding=\"async\" aria-describedby=\"caption-attachment-5152\" class=\"lazyload wp-image-5152 size-full\" src=\"http:\/\/bertablasi.com\/wp-content\/uploads\/2016\/05\/sistema_emmarcat_gravat.jpg\" data-orig-src=\"http:\/\/bertablasi.com\/wp-content\/uploads\/2016\/05\/sistema_emmarcat_gravat.jpg\" alt=\"Aquest gravat no entrava al marc que li havien fet, aix\u00ed que van decidir doblegar-lo per poder-lo entaforar!\" width=\"700\" height=\"471\" srcset=\"data:image\/svg+xml,%3Csvg%20xmlns%3D%27http%3A%2F%2Fwww.w3.org%2F2000%2Fsvg%27%20width%3D%27700%27%20height%3D%27471%27%20viewBox%3D%270%200%20700%20471%27%3E%3Crect%20width%3D%27700%27%20height%3D%27471%27%20fill-opacity%3D%220%22%2F%3E%3C%2Fsvg%3E\" data-srcset=\"https:\/\/bertablasi.com\/wp-content\/uploads\/2016\/05\/sistema_emmarcat_gravat-200x135.jpg?v=1688738866 200w, https:\/\/bertablasi.com\/wp-content\/uploads\/2016\/05\/sistema_emmarcat_gravat-300x202.jpg?v=1688738866 300w, https:\/\/bertablasi.com\/wp-content\/uploads\/2016\/05\/sistema_emmarcat_gravat-400x269.jpg?v=1688738866 400w, https:\/\/bertablasi.com\/wp-content\/uploads\/2016\/05\/sistema_emmarcat_gravat-600x404.jpg?v=1688738866 600w, https:\/\/bertablasi.com\/wp-content\/uploads\/2016\/05\/sistema_emmarcat_gravat.jpg?v=1688738866 700w\" data-sizes=\"auto\" data-orig-sizes=\"(max-width: 700px) 100vw, 700px\" \/><\/a><p id=\"caption-attachment-5152\" class=\"wp-caption-text\">Este grabado no entraba en su marco, as\u00ed que decidieron doblarlo para meterla dentro como fuera!<\/p><\/div>\n<hr style=\"height: 30px\">\n<div id=\"attachment_5156\" style=\"width: 710px\" class=\"wp-caption aligncenter\"><a href=\"http:\/\/bertablasi.com\/wp-content\/uploads\/2016\/05\/sistema_emmarcat_smith.jpg\"><img decoding=\"async\" aria-describedby=\"caption-attachment-5156\" class=\"lazyload wp-image-5156 size-full\" src=\"http:\/\/bertablasi.com\/wp-content\/uploads\/2016\/05\/sistema_emmarcat_smith.jpg\" data-orig-src=\"http:\/\/bertablasi.com\/wp-content\/uploads\/2016\/05\/sistema_emmarcat_smith.jpg\" alt=\"En aquest cas, el marc que \"protegeix\" el preci\u00f3s dibuix de Smith est\u00e0 fet amb materials molt precaris que no s\u00f3n de conservaci\u00f3. Amb el pas dels anys els \u00e0cids han traspassat d'un costat a l'altre.\" width=\"700\" height=\"415\" srcset=\"data:image\/svg+xml,%3Csvg%20xmlns%3D%27http%3A%2F%2Fwww.w3.org%2F2000%2Fsvg%27%20width%3D%27700%27%20height%3D%27415%27%20viewBox%3D%270%200%20700%20415%27%3E%3Crect%20width%3D%27700%27%20height%3D%27415%27%20fill-opacity%3D%220%22%2F%3E%3C%2Fsvg%3E\" data-srcset=\"https:\/\/bertablasi.com\/wp-content\/uploads\/2016\/05\/sistema_emmarcat_smith-200x119.jpg?v=1688738862 200w, https:\/\/bertablasi.com\/wp-content\/uploads\/2016\/05\/sistema_emmarcat_smith-300x178.jpg?v=1688738862 300w, https:\/\/bertablasi.com\/wp-content\/uploads\/2016\/05\/sistema_emmarcat_smith-400x237.jpg?v=1688738862 400w, https:\/\/bertablasi.com\/wp-content\/uploads\/2016\/05\/sistema_emmarcat_smith-600x356.jpg?v=1688738862 600w, https:\/\/bertablasi.com\/wp-content\/uploads\/2016\/05\/sistema_emmarcat_smith.jpg?v=1688738862 700w\" data-sizes=\"auto\" data-orig-sizes=\"(max-width: 700px) 100vw, 700px\" \/><\/a><p id=\"caption-attachment-5156\" class=\"wp-caption-text\">En este caso, el marco que \u00abprotege\u00bb un precioso dibujo de Ismael Smith est\u00e1 hecho con materiales precarios que no son de conservaci\u00f3n. Con el paso de los a\u00f1os los \u00e1cidos han pasado de un lado al otro.<\/p><\/div>\n<hr style=\"height: 30px\">\n<div id=\"attachment_5153\" style=\"width: 710px\" class=\"wp-caption aligncenter\"><a href=\"http:\/\/bertablasi.com\/wp-content\/uploads\/2016\/05\/sistema_emmarcat_lola_anglada.jpg\"><img decoding=\"async\" aria-describedby=\"caption-attachment-5153\" class=\"lazyload wp-image-5153 size-full\" src=\"http:\/\/bertablasi.com\/wp-content\/uploads\/2016\/05\/sistema_emmarcat_lola_anglada.jpg\" data-orig-src=\"http:\/\/bertablasi.com\/wp-content\/uploads\/2016\/05\/sistema_emmarcat_lola_anglada.jpg\" alt=\"Aquest dibuix tant dol\u00e7 de Lola Anglada t\u00e9 les t\u00edpiques cintes adhesives al revers i una reserva alcalina, segurament d'un paspart\u00fa, a l'anvers.\" width=\"700\" height=\"338\" srcset=\"data:image\/svg+xml,%3Csvg%20xmlns%3D%27http%3A%2F%2Fwww.w3.org%2F2000%2Fsvg%27%20width%3D%27700%27%20height%3D%27338%27%20viewBox%3D%270%200%20700%20338%27%3E%3Crect%20width%3D%27700%27%20height%3D%27338%27%20fill-opacity%3D%220%22%2F%3E%3C%2Fsvg%3E\" data-srcset=\"https:\/\/bertablasi.com\/wp-content\/uploads\/2016\/05\/sistema_emmarcat_lola_anglada-200x97.jpg?v=1688738865 200w, https:\/\/bertablasi.com\/wp-content\/uploads\/2016\/05\/sistema_emmarcat_lola_anglada-300x145.jpg?v=1688738865 300w, https:\/\/bertablasi.com\/wp-content\/uploads\/2016\/05\/sistema_emmarcat_lola_anglada-400x193.jpg?v=1688738865 400w, https:\/\/bertablasi.com\/wp-content\/uploads\/2016\/05\/sistema_emmarcat_lola_anglada-600x290.jpg?v=1688738865 600w, https:\/\/bertablasi.com\/wp-content\/uploads\/2016\/05\/sistema_emmarcat_lola_anglada.jpg?v=1688738865 700w\" data-sizes=\"auto\" data-orig-sizes=\"(max-width: 700px) 100vw, 700px\" \/><\/a><p id=\"caption-attachment-5153\" class=\"wp-caption-text\">Este dibujo tan dulce de Lola Anglada tiene las t\u00edpicas cintas adhesivas al reverso y una reserva alcalina, seguramente de un paspart\u00fa, en el anverso.<\/p><\/div>\n<hr style=\"height: 30px\">\n<div id=\"attachment_5154\" style=\"width: 710px\" class=\"wp-caption aligncenter\"><a href=\"http:\/\/bertablasi.com\/wp-content\/uploads\/2016\/05\/sistema_emmarcat_opisso.jpg\"><img decoding=\"async\" aria-describedby=\"caption-attachment-5154\" class=\"lazyload wp-image-5154 size-full\" src=\"http:\/\/bertablasi.com\/wp-content\/uploads\/2016\/05\/sistema_emmarcat_opisso.jpg\" data-orig-src=\"http:\/\/bertablasi.com\/wp-content\/uploads\/2016\/05\/sistema_emmarcat_opisso.jpg\" alt=\"Aquest dibuix de Ricard Opisso tamb\u00e9 tenia cintes autoadhesives, m\u00e9s conegudes com a \"celos\" per a subjectar l'obra al paspart\u00fa. A la llarga aquest \"celo\" s'hauria engroguit i hauria deixat una taca groga o marr\u00f3 sobre l'obra.\" width=\"700\" height=\"303\" srcset=\"data:image\/svg+xml,%3Csvg%20xmlns%3D%27http%3A%2F%2Fwww.w3.org%2F2000%2Fsvg%27%20width%3D%27700%27%20height%3D%27303%27%20viewBox%3D%270%200%20700%20303%27%3E%3Crect%20width%3D%27700%27%20height%3D%27303%27%20fill-opacity%3D%220%22%2F%3E%3C%2Fsvg%3E\" data-srcset=\"https:\/\/bertablasi.com\/wp-content\/uploads\/2016\/05\/sistema_emmarcat_opisso-200x87.jpg?v=1688738864 200w, https:\/\/bertablasi.com\/wp-content\/uploads\/2016\/05\/sistema_emmarcat_opisso-300x130.jpg?v=1688738864 300w, https:\/\/bertablasi.com\/wp-content\/uploads\/2016\/05\/sistema_emmarcat_opisso-400x173.jpg?v=1688738864 400w, https:\/\/bertablasi.com\/wp-content\/uploads\/2016\/05\/sistema_emmarcat_opisso-600x260.jpg?v=1688738864 600w, https:\/\/bertablasi.com\/wp-content\/uploads\/2016\/05\/sistema_emmarcat_opisso.jpg?v=1688738864 700w\" data-sizes=\"auto\" data-orig-sizes=\"(max-width: 700px) 100vw, 700px\" \/><\/a><p id=\"caption-attachment-5154\" class=\"wp-caption-text\">Este dibujo de Ricardo Opisso tambi\u00e9n tiene cintas autoadhesivas m\u00e1s conocidas como \u00abcelos\u00bb para sujetar la obra al paspart\u00fa. A la larga este \u00abcelo\u00bb habr\u00eda dejado una mancha amarilla o marr\u00f3n sobre la obra dibuix de Ricard Opisso tamb\u00e9 tenia cintes autoadhesives, m\u00e9s conegudes com a \u00abcelos\u00bb per a subjectar l&#8217;obra al paspart\u00fa.<\/p><\/div>\n<hr style=\"height: 30px\">\n<div id=\"attachment_5155\" style=\"width: 710px\" class=\"wp-caption aligncenter\"><a href=\"http:\/\/bertablasi.com\/wp-content\/uploads\/2016\/05\/sistema_emmarcat_tapies.jpg\"><img decoding=\"async\" aria-describedby=\"caption-attachment-5155\" class=\"lazyload wp-image-5155 size-full\" src=\"http:\/\/bertablasi.com\/wp-content\/uploads\/2016\/05\/sistema_emmarcat_tapies.jpg\" data-orig-src=\"http:\/\/bertablasi.com\/wp-content\/uploads\/2016\/05\/sistema_emmarcat_tapies.jpg\" alt=\"Aquest \u00e9s el cas d'un T\u00e0pies que va tenir la desgr\u00e0cia de caure a les mans d'un emmarcador que s'hauria d'haver dedicat a una altra cosa. Encolat amb cola de pistola, reaprofitant papers ratllats amb bol\u00edgraf i amb taques d'oli provocades pel qu\u00e8 semblaven molles d'entrep\u00e0. Una cat\u00e0strofe.\" width=\"700\" height=\"243\" srcset=\"data:image\/svg+xml,%3Csvg%20xmlns%3D%27http%3A%2F%2Fwww.w3.org%2F2000%2Fsvg%27%20width%3D%27700%27%20height%3D%27243%27%20viewBox%3D%270%200%20700%20243%27%3E%3Crect%20width%3D%27700%27%20height%3D%27243%27%20fill-opacity%3D%220%22%2F%3E%3C%2Fsvg%3E\" data-srcset=\"https:\/\/bertablasi.com\/wp-content\/uploads\/2016\/05\/sistema_emmarcat_tapies-200x69.jpg?v=1688738863 200w, https:\/\/bertablasi.com\/wp-content\/uploads\/2016\/05\/sistema_emmarcat_tapies-300x104.jpg?v=1688738863 300w, https:\/\/bertablasi.com\/wp-content\/uploads\/2016\/05\/sistema_emmarcat_tapies-400x139.jpg?v=1688738863 400w, https:\/\/bertablasi.com\/wp-content\/uploads\/2016\/05\/sistema_emmarcat_tapies-600x208.jpg?v=1688738863 600w, https:\/\/bertablasi.com\/wp-content\/uploads\/2016\/05\/sistema_emmarcat_tapies.jpg?v=1688738863 700w\" data-sizes=\"auto\" data-orig-sizes=\"(max-width: 700px) 100vw, 700px\" \/><\/a><p id=\"caption-attachment-5155\" class=\"wp-caption-text\">Este \u00faltimo caso, es un T\u00e0pies que tuvo la desgracia de caer en manos de un enmarcador que se tendr\u00eda que haber dedicado a otra cosa. Encolado con cola de pistola, reaprovechando papeles rallados con bol\u00edgrafo y con manchas de aceite provocadas por lo que parec\u00edan migas de bocata. Una cat\u00e1strofe.<\/p><\/div>\n<hr style=\"height: 30px\">\n<p>Finalmente, si ten\u00e9is dudas de c\u00f3mo enmarcar una pieza, poneros en contacto con vuestro restaurador de cabecera, que siempre estar\u00e1 dispuesto a daros un consejo ;)<\/p>\n<p><hr style=\"height: 30px\"><\/p>","protected":false},"excerpt":{"rendered":"<p>El 85% de obra gr\u00e1fica que entra al taller para  [&#8230;]<\/p>\n","protected":false},"author":3,"featured_media":5149,"comment_status":"open","ping_status":"closed","sticky":false,"template":"","format":"standard","meta":{"footnotes":""},"categories":[268],"tags":[70,93,108,267],"class_list":["post-5139","post","type-post","status-publish","format-standard","has-post-thumbnail","hentry","category-sistemes-emmarcat","tag-conservacio-preventiva","tag-materials-i-tecniques","tag-museus","tag-sistema-demmarcat"],"aioseo_notices":[],"_links":{"self":[{"href":"https:\/\/bertablasi.com\/es\/wp-json\/wp\/v2\/posts\/5139","targetHints":{"allow":["GET"]}}],"collection":[{"href":"https:\/\/bertablasi.com\/es\/wp-json\/wp\/v2\/posts"}],"about":[{"href":"https:\/\/bertablasi.com\/es\/wp-json\/wp\/v2\/types\/post"}],"author":[{"embeddable":true,"href":"https:\/\/bertablasi.com\/es\/wp-json\/wp\/v2\/users\/3"}],"replies":[{"embeddable":true,"href":"https:\/\/bertablasi.com\/es\/wp-json\/wp\/v2\/comments?post=5139"}],"version-history":[{"count":0,"href":"https:\/\/bertablasi.com\/es\/wp-json\/wp\/v2\/posts\/5139\/revisions"}],"wp:featuredmedia":[{"embeddable":true,"href":"https:\/\/bertablasi.com\/es\/wp-json\/wp\/v2\/media\/5149"}],"wp:attachment":[{"href":"https:\/\/bertablasi.com\/es\/wp-json\/wp\/v2\/media?parent=5139"}],"wp:term":[{"taxonomy":"category","embeddable":true,"href":"https:\/\/bertablasi.com\/es\/wp-json\/wp\/v2\/categories?post=5139"},{"taxonomy":"post_tag","embeddable":true,"href":"https:\/\/bertablasi.com\/es\/wp-json\/wp\/v2\/tags?post=5139"}],"curies":[{"name":"wp","href":"https:\/\/api.w.org\/{rel}","templated":true}]}}