{"id":5129,"date":"2016-05-16T11:13:48","date_gmt":"2016-05-16T10:13:48","guid":{"rendered":"http:\/\/bertablasi.com\/?p=5129"},"modified":"2016-05-16T11:13:48","modified_gmt":"2016-05-16T10:13:48","slug":"presentacio-i-conferencia-de-la-col%c2%b7leccio-de-fotografies-de-francesc-castellvi","status":"publish","type":"post","link":"https:\/\/bertablasi.com\/es\/presentacio-i-conferencia-de-la-col%c2%b7leccio-de-fotografies-de-francesc-castellvi\/","title":{"rendered":"Presentaci\u00f3n y conferencia de la colecci\u00f3n de fotograf\u00edas de Francesc Castellv\u00ed"},"content":{"rendered":"<p><strong>Presentaci\u00f3n de la colecci\u00f3n de fotograf\u00edas de Francesc Castellv\u00ed, a cargo de Berta Blasi y Nati Vilanova. Conferencia sobre Francesc Castellv\u00ed. A cargo de In\u00e9s Padrosa.<\/strong><\/p>\n<hr style=\"height: 30px\">\n<div id=\"attachment_5131\" style=\"width: 380px\" class=\"wp-caption alignleft\"><a href=\"http:\/\/bertablasi.com\/wp-content\/uploads\/2016\/05\/WEB_noticia_roda_premsa_1877_1520.jpg\"><img decoding=\"async\" aria-describedby=\"caption-attachment-5131\" class=\"lazyload size-full wp-image-5131\" src=\"http:\/\/bertablasi.com\/wp-content\/uploads\/2016\/05\/WEB_noticia_roda_premsa_1877_1520.jpg\" data-orig-src=\"http:\/\/bertablasi.com\/wp-content\/uploads\/2016\/05\/WEB_noticia_roda_premsa_1877_1520.jpg\" alt=\"Presentaci\u00f3 i confer\u00e8ncia de la col\u00b7lecci\u00f3 de fotografies de Francesc Castellv\u00ed\" width=\"370\" height=\"478\" srcset=\"data:image\/svg+xml,%3Csvg%20xmlns%3D%27http%3A%2F%2Fwww.w3.org%2F2000%2Fsvg%27%20width%3D%27370%27%20height%3D%27478%27%20viewBox%3D%270%200%20370%20478%27%3E%3Crect%20width%3D%27370%27%20height%3D%27478%27%20fill-opacity%3D%220%22%2F%3E%3C%2Fsvg%3E\" data-srcset=\"https:\/\/bertablasi.com\/wp-content\/uploads\/2016\/05\/WEB_noticia_roda_premsa_1877_1520-200x258.jpg?v=1688738871 200w, https:\/\/bertablasi.com\/wp-content\/uploads\/2016\/05\/WEB_noticia_roda_premsa_1877_1520-232x300.jpg?v=1688738871 232w, https:\/\/bertablasi.com\/wp-content\/uploads\/2016\/05\/WEB_noticia_roda_premsa_1877_1520.jpg?v=1688738871 370w\" data-sizes=\"auto\" data-orig-sizes=\"(max-width: 370px) 100vw, 370px\" \/><\/a><p id=\"caption-attachment-5131\" class=\"wp-caption-text\">Presentaci\u00f3n y conferencia de la collecci\u00f3n de fotograf\u00edas de Francesc Castellv\u00ed<\/p><\/div>\n<p>Mi\u00e9rcoles 18 de mayo, a las 7h de la tarde, la Biblioteca dar\u00e1 a conocer dos \u00e1lbumes familiares de fotograf\u00edas de Francesc Castellv\u00ed y Vila (Esparraquera, 1878 &#8211; Figueres, 1941), con m\u00e1s de 300 im\u00e1genes de principios del siglo XX, que muestran retratos familiares y vistas de Figueres, Girona, Esparraguera, Montserrat, etc. La directora de la Biblioteca, Nati Vilanova, y la restauradora Berta Blasi, presentar\u00e1n el resultado de las tareas de limpieza y preservaci\u00f3n a las que han estado sometidos los \u00e1lbumes, as\u00ed como los datos sobre su ingreso en la biblioteca y su contenido, ya digitalizado. Seguiramente, la investigadora In\u00e9s Padrosa dar\u00e1 una conferencia sobre Francesc Castellv\u00ed, aportando extensos datos biogr\u00e1ficos y comentarios de las im\u00e1genes.<\/p>\n<p>C\u00f3mo llegar: http:\/\/www.bibliotecadefigueres.cat\/InfoGeneral\/IGComArribar.aspx<\/p>\n<p><hr style=\"height: 30px\"><\/p>","protected":false},"excerpt":{"rendered":"<p>Presentaci\u00f3n de la colecci\u00f3n de fotograf\u00edas de Francesc Castellv\u00ed, a  [&#8230;]<\/p>\n","protected":false},"author":3,"featured_media":5138,"comment_status":"open","ping_status":"closed","sticky":false,"template":"","format":"standard","meta":{"footnotes":""},"categories":[142],"tags":[70,264,265,266,95],"class_list":["post-5129","post","type-post","status-publish","format-standard","has-post-thumbnail","hentry","category-ponencias_conferencias_restauracion","tag-conservacio-preventiva","tag-albumes-fotograficos","tag-biblioteca-de-figueres","tag-francesc-castellvi","tag-restauracio"],"aioseo_notices":[],"_links":{"self":[{"href":"https:\/\/bertablasi.com\/es\/wp-json\/wp\/v2\/posts\/5129","targetHints":{"allow":["GET"]}}],"collection":[{"href":"https:\/\/bertablasi.com\/es\/wp-json\/wp\/v2\/posts"}],"about":[{"href":"https:\/\/bertablasi.com\/es\/wp-json\/wp\/v2\/types\/post"}],"author":[{"embeddable":true,"href":"https:\/\/bertablasi.com\/es\/wp-json\/wp\/v2\/users\/3"}],"replies":[{"embeddable":true,"href":"https:\/\/bertablasi.com\/es\/wp-json\/wp\/v2\/comments?post=5129"}],"version-history":[{"count":0,"href":"https:\/\/bertablasi.com\/es\/wp-json\/wp\/v2\/posts\/5129\/revisions"}],"wp:featuredmedia":[{"embeddable":true,"href":"https:\/\/bertablasi.com\/es\/wp-json\/wp\/v2\/media\/5138"}],"wp:attachment":[{"href":"https:\/\/bertablasi.com\/es\/wp-json\/wp\/v2\/media?parent=5129"}],"wp:term":[{"taxonomy":"category","embeddable":true,"href":"https:\/\/bertablasi.com\/es\/wp-json\/wp\/v2\/categories?post=5129"},{"taxonomy":"post_tag","embeddable":true,"href":"https:\/\/bertablasi.com\/es\/wp-json\/wp\/v2\/tags?post=5129"}],"curies":[{"name":"wp","href":"https:\/\/api.w.org\/{rel}","templated":true}]}}