{"id":4714,"date":"2015-07-02T17:03:48","date_gmt":"2015-07-02T16:03:48","guid":{"rendered":"http:\/\/bertablasi.com\/?p=4714"},"modified":"2015-07-02T17:03:48","modified_gmt":"2015-07-02T16:03:48","slug":"ii-postgrau-de-gestio-i-tractament-digital-de-documentacio-historica","status":"publish","type":"post","link":"https:\/\/bertablasi.com\/es\/ii-postgrau-de-gestio-i-tractament-digital-de-documentacio-historica\/","title":{"rendered":"II Postgrado de Gesti\u00f3n y Tratamiento Digital de Documentaci\u00f3n Hist\u00f3rica"},"content":{"rendered":"<p>Se abre el per\u00edoodo de preinscripci\u00f3n a la <a href=\"http:\/\/www.uab.cat\/web\/postgrau\/diplomatura-de-postgrau-en-gestio-i-tractament-digital-de-documentacio-historica\/informacio-general-1203328491238.html\/param1-2930_ca\/param2-2015\/\" target=\"_blank\" rel=\"noopener\">segunda edici\u00f3n del Postgrado de Gesti\u00f3n y Tratamiento Digital de Documetnaci\u00f3n Hist\u00f3rica<\/a> para los cursos 2015-2016 i 2016-2017.<\/p>\n<blockquote><p>Nuestra sociedad recuerda los acontecimientos del pasado a partir de la aproximaci\u00f3n cr\u00edtica a nuestro patrimonio cultural. De entre los diferentes sectores de este patrimonio, este programa se centra en <strong>la puesta en valor del patrimonio documental<\/strong>. Se trata de un patrimonio de dif\u00edcil acceso, donde una primera aproximaci\u00f3n visual nunca es suficiente y donde la mediaci\u00f3n profesional es b\u00e1sica. Es un patrimonio que conviene explicar para hacerlo comprender, y esta mediaci\u00f3n requiere de preparaci\u00f3n espec\u00edfica. El objetivo principal de este postgrado es <strong>potenciar el conocimiento del patrimonio documental<\/strong> mediante la formaci\u00f3n de profesionales con una preparaci\u00f3n s\u00f3lida en la cr\u00edtica documental, con un dominio solvente de las nuevas tecnolog\u00edas que pueden aplicarse y con una buena capacidad, resolutiva y creativa, que mejore sus estrategias de difusi\u00f3n. Estos profesionales podr\u00e1n poner en valor este patrimonio para hacerlo visible a cualquier sector de nuestra sociedad sea especializado o no.<\/p><\/blockquote>\n<p>Preinscripci\u00f3n abierta hasta el 10 de octubre de 2015.<\/p>","protected":false},"excerpt":{"rendered":"<p>Se abre el per\u00edoodo de preinscripci\u00f3n a la segunda edici\u00f3n  [&#8230;]<\/p>\n","protected":false},"author":3,"featured_media":3979,"comment_status":"open","ping_status":"closed","sticky":false,"template":"","format":"standard","meta":{"footnotes":""},"categories":[248,142],"tags":[68,80,140],"class_list":["post-4714","post","type-post","status-publish","format-standard","has-post-thumbnail","hentry","category-digitalitzacion","category-ponencias_conferencias_restauracion","tag-arxius","tag-digitalitzacio","tag-esaged"],"aioseo_notices":[],"_links":{"self":[{"href":"https:\/\/bertablasi.com\/es\/wp-json\/wp\/v2\/posts\/4714","targetHints":{"allow":["GET"]}}],"collection":[{"href":"https:\/\/bertablasi.com\/es\/wp-json\/wp\/v2\/posts"}],"about":[{"href":"https:\/\/bertablasi.com\/es\/wp-json\/wp\/v2\/types\/post"}],"author":[{"embeddable":true,"href":"https:\/\/bertablasi.com\/es\/wp-json\/wp\/v2\/users\/3"}],"replies":[{"embeddable":true,"href":"https:\/\/bertablasi.com\/es\/wp-json\/wp\/v2\/comments?post=4714"}],"version-history":[{"count":0,"href":"https:\/\/bertablasi.com\/es\/wp-json\/wp\/v2\/posts\/4714\/revisions"}],"wp:featuredmedia":[{"embeddable":true,"href":"https:\/\/bertablasi.com\/es\/wp-json\/wp\/v2\/media\/3979"}],"wp:attachment":[{"href":"https:\/\/bertablasi.com\/es\/wp-json\/wp\/v2\/media?parent=4714"}],"wp:term":[{"taxonomy":"category","embeddable":true,"href":"https:\/\/bertablasi.com\/es\/wp-json\/wp\/v2\/categories?post=4714"},{"taxonomy":"post_tag","embeddable":true,"href":"https:\/\/bertablasi.com\/es\/wp-json\/wp\/v2\/tags?post=4714"}],"curies":[{"name":"wp","href":"https:\/\/api.w.org\/{rel}","templated":true}]}}