{"id":4430,"date":"2015-02-11T09:00:42","date_gmt":"2015-02-11T08:00:42","guid":{"rendered":"http:\/\/bertablasi.com\/?p=4430"},"modified":"2015-02-11T09:00:42","modified_gmt":"2015-02-11T08:00:42","slug":"la-galeria-dels-oficis-a-btv","status":"publish","type":"post","link":"https:\/\/bertablasi.com\/es\/la-galeria-dels-oficis-a-btv\/","title":{"rendered":"El Taller de restauraci\u00f3n en La Galeria dels Oficis de BTV (Barcelona Televisi\u00f3)"},"content":{"rendered":"<p><div id=\"attachment_4441\" style=\"width: 321px\" class=\"wp-caption alignleft\"><a href=\"http:\/\/bertablasi.com\/wp-content\/uploads\/2015\/02\/BBlasi_ateneu_BTV.jpg\"><img decoding=\"async\" aria-describedby=\"caption-attachment-4441\" class=\"lazyload size-full wp-image-4441\" src=\"http:\/\/bertablasi.com\/wp-content\/uploads\/2015\/02\/BBlasi_ateneu_BTV.jpg\" data-orig-src=\"http:\/\/bertablasi.com\/wp-content\/uploads\/2015\/02\/BBlasi_ateneu_BTV.jpg\" alt=\"Gravant el reportatge per a la Galeria dels Oficis de BTV a l'Ateneu Barcelon\u00e8s\" width=\"311\" height=\"226\" srcset=\"data:image\/svg+xml,%3Csvg%20xmlns%3D%27http%3A%2F%2Fwww.w3.org%2F2000%2Fsvg%27%20width%3D%27311%27%20height%3D%27226%27%20viewBox%3D%270%200%20311%20226%27%3E%3Crect%20width%3D%27311%27%20height%3D%27226%27%20fill-opacity%3D%220%22%2F%3E%3C%2Fsvg%3E\" data-srcset=\"https:\/\/bertablasi.com\/wp-content\/uploads\/2015\/02\/BBlasi_ateneu_BTV-200x145.jpg?v=1688739009 200w, https:\/\/bertablasi.com\/wp-content\/uploads\/2015\/02\/BBlasi_ateneu_BTV-300x218.jpg?v=1688739009 300w, https:\/\/bertablasi.com\/wp-content\/uploads\/2015\/02\/BBlasi_ateneu_BTV.jpg?v=1688739009 311w\" data-sizes=\"auto\" data-orig-sizes=\"(max-width: 311px) 100vw, 311px\" \/><\/a><p id=\"caption-attachment-4441\" class=\"wp-caption-text\">Gravant el reportatge per a la Galeria dels Oficis de BTV a l&#8217;Ateneu Barcelon\u00e8s<\/p><\/div><\/p>\n<p>La <strong>\u00abGaleria dels Oficis\u00bb<\/strong> es un retrato \u00edntimo de varios profesionales que trabajan en Barcelona. En cada cap\u00edtulo se adentran en una tarea diferente y sus protagonistas nos cuentan como han reinventado un oficio heredado o, en otros casos, como se ganan la vida con trabajos que hasta hace pocos a\u00f1os no exist\u00edan. <hr style=\"height: 10px\"> <strong>El pr\u00f3ximo viernes 27 de febrero a las 21h30<\/strong> (redifusi\u00f3n el s\u00e1bado a las 6h25 y a las 11h30) podr\u00e1 ver la emisi\u00f3n del <a href=\"http:\/\/www.btv.cat\/alacarta\/la-galeria-dels-oficis\/35751\/\" target=\"_blank\" rel=\"noopener\">reportaje dedicado a la conservaci\u00f3n y la restauraci\u00f3n del patrimonio documental y la obra gr\u00e1fica<\/a> as\u00ed como profesiones sat\u00e9lite como <strong>Arsenio S\u00e1nchez Hernamp\u00e9rez<\/strong> conservador de la <a href=\"http:\/\/www.bne.es\/es\/Inicio\/index.html\" target=\"_blank\" rel=\"noopener\">Biblioteca Nacional de Espa\u00f1a<\/a>, <strong>Anna Font<\/strong> del servicio de documentaci\u00f3n y archivo del <a href=\"http:\/\/www.iec.cat\/activitats\/entrada.asp\" target=\"_blank\" rel=\"noopener\">Institut d&#8217;Estudis Catalans<\/a>, la <strong>Diana Jove y Francesc Mestre<\/strong> de la <a href=\"http:\/\/www.francescmestreart-shopping.com\/ca\/\" target=\"_blank\" rel=\"noopener\">galer\u00eda Francesc Mestre Art<\/a>. <hr style=\"height: 10px\"> Quiero dar las gracias a todos estos profesionales y tambi\u00e9n al <a href=\"http:\/\/www.ateneubcn.org\/\" target=\"_blank\" rel=\"noopener\"><strong>Ateneu Barcelon\u00e8s<\/strong><\/a>, a la tienda paperer\u00eda <strong>Raima<\/strong> y a la <a href=\"http:\/\/www.fundaciotapies.org\/\"><strong>Fundaci\u00f3 T\u00e0pies<\/strong><\/a>, que accedieron a participar en el reportaje abriendo las puertas de su casa y cendi\u00e9ndonos su dedicaci\u00f3n y tiempo tan amablemente. <hr style=\"height: 10px\"> Gracias tambi\u00e9n al equipo de la \u00abGaleria dels Oficis\u00bb por darnos la oportunidad de acercar nuestras profesiones un poco m\u00e1s a la gente. <hr style=\"height: 10px\"> Si quer\u00e9is conocer de cerca el d\u00eda a d\u00eda del taller de restauraci\u00f3n, aqu\u00ed os dejo el reportaje para que pod\u00e1is verlo online: <hr style=\"height: 10px\"> <iframe id=\"flumotion_iframe_player\" src=\"http:\/\/play.barcelonatv2.webtv.flumotion.com\/play\/player?podId=35751&amp;playerId=8\" name=\"flumotion_iframe_player\" width=\"470px\" height=\"320px\" frameborder=\"0\" scrolling=\"no\" allowfullscreen=\"allowfullscreen\"><\/iframe> <hr style=\"height: 10px\"><\/p>","protected":false},"excerpt":{"rendered":"<p>La \u00abGaleria dels Oficis\u00bb es un retrato \u00edntimo de varios  [&#8230;]<\/p>\n","protected":false},"author":3,"featured_media":4441,"comment_status":"open","ping_status":"closed","sticky":false,"template":"","format":"standard","meta":{"footnotes":""},"categories":[209],"tags":[200,103,201,202,203,204,205,206,207,208,210,211,212],"class_list":["post-4430","post","type-post","status-publish","format-standard","has-post-thumbnail","hentry","category-restauracion_bertablasi_prensa","tag-anna-font","tag-arsenio-sanchez-hernamperez","tag-barcelona-televisio","tag-btv","tag-diana-jove","tag-francesc-mestre","tag-fundacio-tapies","tag-galeria-dels-oficis","tag-iec","tag-institut-destudis-catalans","tag-raima","tag-sortim-a-la-tele","tag-televisio"],"aioseo_notices":[],"_links":{"self":[{"href":"https:\/\/bertablasi.com\/es\/wp-json\/wp\/v2\/posts\/4430","targetHints":{"allow":["GET"]}}],"collection":[{"href":"https:\/\/bertablasi.com\/es\/wp-json\/wp\/v2\/posts"}],"about":[{"href":"https:\/\/bertablasi.com\/es\/wp-json\/wp\/v2\/types\/post"}],"author":[{"embeddable":true,"href":"https:\/\/bertablasi.com\/es\/wp-json\/wp\/v2\/users\/3"}],"replies":[{"embeddable":true,"href":"https:\/\/bertablasi.com\/es\/wp-json\/wp\/v2\/comments?post=4430"}],"version-history":[{"count":0,"href":"https:\/\/bertablasi.com\/es\/wp-json\/wp\/v2\/posts\/4430\/revisions"}],"wp:featuredmedia":[{"embeddable":true,"href":"https:\/\/bertablasi.com\/es\/wp-json\/wp\/v2\/media\/4441"}],"wp:attachment":[{"href":"https:\/\/bertablasi.com\/es\/wp-json\/wp\/v2\/media?parent=4430"}],"wp:term":[{"taxonomy":"category","embeddable":true,"href":"https:\/\/bertablasi.com\/es\/wp-json\/wp\/v2\/categories?post=4430"},{"taxonomy":"post_tag","embeddable":true,"href":"https:\/\/bertablasi.com\/es\/wp-json\/wp\/v2\/tags?post=4430"}],"curies":[{"name":"wp","href":"https:\/\/api.w.org\/{rel}","templated":true}]}}