{"id":4083,"date":"2014-06-04T10:00:12","date_gmt":"2014-06-04T09:00:12","guid":{"rendered":"http:\/\/bertablasi.com\/?p=4083"},"modified":"2014-06-04T10:00:12","modified_gmt":"2014-06-04T09:00:12","slug":"5-anys-de-blog-5-anys-compartint-coneixement","status":"publish","type":"post","link":"https:\/\/bertablasi.com\/es\/5-anys-de-blog-5-anys-compartint-coneixement\/","title":{"rendered":"5 a\u00f1os de blog, 5 a\u00f1os compartiendo conocimiento"},"content":{"rendered":"<p><\/p>\n<div id=\"attachment_4091\" style=\"width: 710px\" class=\"wp-caption aligncenter\"><a href=\"http:\/\/bertablasi.com\/wp-content\/uploads\/2014\/05\/ma_3.jpg\"><img decoding=\"async\" aria-describedby=\"caption-attachment-4091\" class=\"lazyload wp-image-4091\" src=\"http:\/\/bertablasi.com\/wp-content\/uploads\/2014\/05\/ma_3.jpg\" data-orig-src=\"http:\/\/bertablasi.com\/wp-content\/uploads\/2014\/05\/ma_3.jpg\" alt=\"Enguany celebrem 5 anys de blog del taller de conservaci\u00f3 i restauraci\u00f3 de patrimoni documental i obra gr\u00e0fica\" width=\"700\" height=\"289\" srcset=\"data:image\/svg+xml,%3Csvg%20xmlns%3D%27http%3A%2F%2Fwww.w3.org%2F2000%2Fsvg%27%20width%3D%27700%27%20height%3D%27289%27%20viewBox%3D%270%200%20700%20289%27%3E%3Crect%20width%3D%27700%27%20height%3D%27289%27%20fill-opacity%3D%220%22%2F%3E%3C%2Fsvg%3E\" data-srcset=\"https:\/\/bertablasi.com\/wp-content\/uploads\/2014\/05\/ma_3-200x82.jpg?v=1688739107 200w, https:\/\/bertablasi.com\/wp-content\/uploads\/2014\/05\/ma_3-300x124.jpg?v=1688739107 300w, https:\/\/bertablasi.com\/wp-content\/uploads\/2014\/05\/ma_3-400x165.jpg?v=1688739107 400w, https:\/\/bertablasi.com\/wp-content\/uploads\/2014\/05\/ma_3-600x247.jpg?v=1688739107 600w, https:\/\/bertablasi.com\/wp-content\/uploads\/2014\/05\/ma_3-701x289.jpg?v=1688739107 701w, https:\/\/bertablasi.com\/wp-content\/uploads\/2014\/05\/ma_3-768x317.jpg?v=1688739107 768w, https:\/\/bertablasi.com\/wp-content\/uploads\/2014\/05\/ma_3-800x330.jpg?v=1688739107 800w, https:\/\/bertablasi.com\/wp-content\/uploads\/2014\/05\/ma_3.jpg?v=1688739107 980w\" data-sizes=\"auto\" data-orig-sizes=\"(max-width: 700px) 100vw, 700px\" \/><\/a><p id=\"caption-attachment-4091\" class=\"wp-caption-text\">Enguany celebrem 5 anys de blog del taller de conservaci\u00f3 i restauraci\u00f3 de patrimoni documental i obra gr\u00e0fica<\/p><\/div>\n<h1>Sis a\u00f1os atr\u00e1s<\/h1>\n<p>Este a\u00f1o har\u00e1 seis a\u00f1os que tom\u00e9 la arriesgada decisi\u00f3n de abrir mi propio taller de restauraci\u00f3n. Abrir un taller de restauraci\u00f3n no es como abrir, por ejemplo, un restaurante. Cuando vas a un restaurante nuevo si no te gusta lo que te sirven no repites y como mucho tendr\u00e1s una indigesti\u00f3n. Pero en un taller <strong>si el restaurador no hace un trabajo de calidad se corre el riesgo de perder la pieza \u00abde valor incalculable e irreemplazable\u00bb para siempre. <\/strong> Es por eso que proporcionar los medios necesarios a los clientes para que conf\u00eden en el taller era (y sigue siendo) tan relevante. As\u00ed fue como mostrar los proyectos que iba realizando, se convirti\u00f3 en una prioridad y el primer a\u00f1o, gracias a lo que aprend\u00ed en la Facultat de Biblioteconomia i Documentaci\u00f3, me hice una p\u00e1gina web con HTML aunque r\u00e1pidamente vi que aquella era una soluci\u00f3n que se quedava muy corta y mir\u00e9 nuevas maneras de hacer difusi\u00f3n del taller con las <strong>Tecnolog\u00edas de la Informaci\u00f3n y la Comunicaci\u00f3n<\/strong> que ten\u00eda a mi alcance. Y as\u00ed fue como naci\u00f3 el blog. Al principio s\u00f3lo mostraba las piezas restauradas, pero con el tiempo tambi\u00e9n se fueron incluyendo peque\u00f1os art\u00edculos relacionados con el mundo de la conservaci\u00f3n y la restauraci\u00f3n: comentarios de publicaciones, explicaciones de materiales y t\u00e9cnicas, respuestas a preguntas realizadas por profesionales de archivos y bibliotecas, museos o coleccionistas que consider\u00e9 de inter\u00e9s general&#8230; Me gusta pensar que ahora <strong>es un sitio donde compartir el conocimiento y donde hacer accesible a todos la conservaci\u00f3n y la restauraci\u00f3n del patrimonio documental y la obra gr\u00e1fica.<\/strong><\/p>\n<h1>Proyectos y art\u00edculos<\/h1>\n<p>Este a\u00f1o, para celebrar que hace cinco que naci\u00f3 lo hemos redise\u00f1ado y le hemos hecho una peque\u00f1a reestructuraci\u00f3n. Puede que el cambio m\u00e1s relevante sea que a partir de ahora encontrar\u00e9is por un lado <a title=\"Proyectos del taller\" href=\"http:\/\/bertablasi.com\/es\/portfoli\" target=\"_blank\" rel=\"noopener\">los proyectos<\/a> y por el otro <a title=\"art\u00edculos del blog\" href=\"http:\/\/bertablasi.com\/bloc\" target=\"_blank\" rel=\"noopener\">los art\u00edculos<\/a> relacionados con la conservaci\u00f3n y la restauraci\u00f3n en vez de estar mezclados como hasta ahora.<\/p>\n<h1>La tienda<\/h1>\n<p>Otro gran cambio es la creaci\u00f3n de <a title=\"Tienda - BBlasi Conservaci\u00f3\/Restauraci\u00f3\" href=\"http:\/\/bertablasi.com\/shop\" target=\"_blank\" rel=\"noopener\">la tienda<\/a> d\u00f3nde podr\u00e9is comprar todo tipo de material relacionado con la conservaci\u00f3n y la restauraci\u00f3n del patrimonio documental y la obra gr\u00e1fica. Poco a poco los productos se ir\u00e1n ampliando y, si necesit\u00e1is alguno que no est\u00e9 nos lo pod\u00e9is pedir.<\/p>\n<h1>El bolet\u00edn<\/h1>\n<p>Como siempre, para estar al d\u00eda de las \u00faltimas novedades, de los \u00faltimos proyectos realizados y de los \u00faltimos art\u00edculos publicados pod\u00e9is suscribiros al <a title=\"Subscriu-te al nostre butllet\u00ed\" href=\"http:\/\/bertablasi.com\/subscriu-te-al-nostre-butlleti\" target=\"_blank\" rel=\"noopener\">bolet\u00edn del taller<\/a> donde quincenalmente recibir\u00e9is toda la informaci\u00f3n relevante.<\/p>\n<blockquote><p>Finalmente quiero <strong>agradeceros todo el soporte que hab\u00e9is dado al taller <\/strong>durante estos a\u00f1os, es un placer compartir tantas experiencias con vosotros y <strong>una gran recompensa<\/strong> que decid\u00e1is invertir vuestro tiempo leyendo los contenidos del blog.<\/p><\/blockquote>\n<p><\/p>","protected":false},"excerpt":{"rendered":"<p>Sis a\u00f1os atr\u00e1s Este a\u00f1o har\u00e1 seis a\u00f1os que tom\u00e9  [&#8230;]<\/p>\n","protected":false},"author":3,"featured_media":4107,"comment_status":"open","ping_status":"closed","sticky":false,"template":"","format":"standard","meta":{"footnotes":""},"categories":[88,83],"tags":[106,107,134,108],"class_list":["post-4083","post","type-post","status-publish","format-standard","has-post-thumbnail","hentry","category-difusion","category-tic","tag-archivos","tag-bibliotecas","tag-internet","tag-museus"],"aioseo_notices":[],"_links":{"self":[{"href":"https:\/\/bertablasi.com\/es\/wp-json\/wp\/v2\/posts\/4083","targetHints":{"allow":["GET"]}}],"collection":[{"href":"https:\/\/bertablasi.com\/es\/wp-json\/wp\/v2\/posts"}],"about":[{"href":"https:\/\/bertablasi.com\/es\/wp-json\/wp\/v2\/types\/post"}],"author":[{"embeddable":true,"href":"https:\/\/bertablasi.com\/es\/wp-json\/wp\/v2\/users\/3"}],"replies":[{"embeddable":true,"href":"https:\/\/bertablasi.com\/es\/wp-json\/wp\/v2\/comments?post=4083"}],"version-history":[{"count":0,"href":"https:\/\/bertablasi.com\/es\/wp-json\/wp\/v2\/posts\/4083\/revisions"}],"wp:featuredmedia":[{"embeddable":true,"href":"https:\/\/bertablasi.com\/es\/wp-json\/wp\/v2\/media\/4107"}],"wp:attachment":[{"href":"https:\/\/bertablasi.com\/es\/wp-json\/wp\/v2\/media?parent=4083"}],"wp:term":[{"taxonomy":"category","embeddable":true,"href":"https:\/\/bertablasi.com\/es\/wp-json\/wp\/v2\/categories?post=4083"},{"taxonomy":"post_tag","embeddable":true,"href":"https:\/\/bertablasi.com\/es\/wp-json\/wp\/v2\/tags?post=4083"}],"curies":[{"name":"wp","href":"https:\/\/api.w.org\/{rel}","templated":true}]}}